{"id":578,"date":"2022-08-24T16:24:56","date_gmt":"2022-08-24T16:24:56","guid":{"rendered":"https:\/\/reusvet.cat\/?p=578"},"modified":"2022-08-24T16:25:01","modified_gmt":"2022-08-24T16:25:01","slug":"mi-perro-come-menos-en-verano","status":"publish","type":"post","link":"https:\/\/reusvet.cat\/ca\/mi-perro-come-menos-en-verano\/","title":{"rendered":"El meu gos menja menys a l'estiu"},"content":{"rendered":"<p>[et_pb_section fb_built=\u00bb1&#8243; admin_label=\u00bbsection\u00bb _builder_version=\u00bb4.16&#8243; global_colors_info=\u00bb{}\u00bb][et_pb_row admin_label=\u00bbrow\u00bb _builder_version=\u00bb4.16&#8243; background_size=\u00bbinitial\u00bb background_position=\u00bbtop_left\u00bb background_repeat=\u00bbrepeat\u00bb global_colors_info=\u00bb{}\u00bb][et_pb_column type=\u00bb4_4&#8243; _builder_version=\u00bb4.16&#8243; custom_padding=\u00bb|||\u00bb global_colors_info=\u00bb{}\u00bb custom_padding__hover=\u00bb|||\u00bb][et_pb_text _builder_version=\u00bb4.18.0&#8243; _module_preset=\u00bbdefault\u00bb hover_enabled=\u00bb0&#8243; sticky_enabled=\u00bb0&#8243;]<\/p>\n<p>\u00ab<strong>El meu gos menja menys a l'estiu<\/strong>\u00ab, cada verano nos encontramos con unos cuantos clientes preocupados porque su compa\u00f1ero de cuatro patas no come como de costumbre. Si t\u00fa tambi\u00e9n te sientes preocupado por este cambio de costumbre, te queremos tranquilizar, ya que es algo que suele ser habitual. Por ello, no se debe alarmar a no ser que observa alg\u00fan otro comportamiento extra\u00f1o que acompa\u00f1a la falta de apetito. Si observa que la falta de apetito va acompa\u00f1ada de otros s\u00edntomas, deber\u00eda acudir a nuestro <a href=\"https:\/\/reusvet.cat\/ca\/hospital-veterinario-en-reus\/\">hospital veterinario en Reus<\/a> para investigar.<\/p>\n<h2>\u00bfQue tiene que ver el verano con la alimentaci\u00f3n del perro?<\/h2>\n<p>Sobre todo se trata del calor. Con la subida de temperaturas, el perro sufre una bajada de tensi\u00f3n acompa\u00f1ada de una bajada en actividad f\u00edsica. En otras palabras, el perro descansa m\u00e1s cuando hace demasiado calor.<\/p>\n<p>Si el perro descansa m\u00e1s, gasta menos energ\u00eda, por lo tanto, necesita menos aporte de calor\u00edas, menos comida. La diferencia depender\u00e1 mucho de la raza y tama\u00f1o de cada perro, en media un 30% menos respeto a su necesidad alimenticia en el invierno. Es aconsejable monitorizar cuanto menos come el perro, ya que se puede confundir el descenso habitual con una falta de apetito causada por enfermedades. Por ello, si observa que el perro podr\u00eda no comer lo m\u00ednimo necesario, deber\u00eda acudir a una cl\u00ednica veterinaria.<\/p>\n<p>[\/et_pb_text][et_pb_image src=\u00bbhttps:\/\/reusvet.cat\/wp-content\/uploads\/2022\/08\/perro-no-come-en-verano.png\u00bb _builder_version=\u00bb4.18.0&#8243; _module_preset=\u00bbdefault\u00bb alt=\u00bbperro no come en verano\u00bb title_text=\u00bbperro no come en verano\u00bb align=\u00bbcenter\u00bb hover_enabled=\u00bb0&#8243; sticky_enabled=\u00bb0&#8243;][\/et_pb_image][et_pb_text _builder_version=\u00bb4.18.0&#8243; _module_preset=\u00bbdefault\u00bb hover_enabled=\u00bb0&#8243; sticky_enabled=\u00bb0&#8243;]<\/p>\n<h2>Como cuidar la alimentaci\u00f3n del perro en verano<\/h2>\n<h3>Antes de todo hidrataci\u00f3n y reposo<\/h3>\n<p>Los perros son sensibles a las altas temperaturas y por ello se debe cuidar el perro ofreci\u00e9ndole agua fresca durante todo el d\u00eda y sitios a la sombra donde descansar.\u00a0<\/p>\n<p>Hay que recordar de llevar siempre un objeto que le facilite beber agua, tambi\u00e9n recordar de evitar los paseos en las horas m\u00e1s calurosas del d\u00eda.\u00a0<\/p>\n<h3>Cambiar el horario de la comida del perro<\/h3>\n<p>Tal como lo mencionamos, el enemigo es el calor, por lo tanto, hay que cambiar el horario de las comidas del perro en las horras m\u00e1s fr\u00edas del d\u00eda: primeras horas de la ma\u00f1ana y \u00faltimas horas de la tarde. Hay que evitar darle de comer en las horas m\u00e1s calurosas cuando menos ganas tendr\u00e1. Tambi\u00e9n puedes intentar ofrecerle comida h\u00fameda para perros, con un alto contenido de agua.\u00a0<\/p>\n<p>[\/et_pb_text][et_pb_text _builder_version=\u00bb4.18.0&#8243; _module_preset=\u00bbdefault\u00bb hover_enabled=\u00bb0&#8243; sticky_enabled=\u00bb0&#8243;]<\/p>\n<h3>Complementos para hidrataci\u00f3n<\/h3>\n<p>Los perros pueden obtener hidrataci\u00f3n tambi\u00e9n del consumo de ciertas frutas como la sandia, mel\u00f3n, fresas o mandarinas. Antes de probar si le gusta alguna de estas frutas al perro, debe comprobar si es parte de la alimentaci\u00f3n sana de su raza en particular. Consulte con su veterinario el tema de la alimentaci\u00f3n del perro para mayor seguridad.\u00a0<\/p>\n<p>[\/et_pb_text][\/et_pb_column][\/et_pb_row][et_pb_row _builder_version=\u00bb4.18.0&#8243; _module_preset=\u00bbdefault\u00bb][et_pb_column _builder_version=\u00bb4.18.0&#8243; _module_preset=\u00bbdefault\u00bb type=\u00bb4_4&#8243;][et_pb_cta title=\u00bb\u00a1Contacta con nosotros si su perro presenta problemas de alimentaci\u00f3n!\u00bb button_text=\u00bbContacta con nosotros\u00bb _builder_version=\u00bb4.18.0&#8243; _module_preset=\u00bbdefault\u00bb button_url=\u00bb@ET-DC@eyJkeW5hbWljIjp0cnVlLCJjb250ZW50IjoicG9zdF9saW5rX3VybF9wYWdlIiwic2V0dGluZ3MiOnsicG9zdF9pZCI6IjE3NiJ9fQ==@\u00bb _dynamic_attributes=\u00bbbutton_url\u00bb hover_enabled=\u00bb0&#8243; sticky_enabled=\u00bb0&#8243; custom_button=\u00bbon\u00bb button_text_color=\u00bb#000000&#8243; button_bg_color=\u00bb#FFFFFF\u00bb button_bg_enable_color=\u00bbon\u00bb]<\/p>\n<p>Si el seu gos no vol menjar o presenta uns altres sintomas de malalties o malestar, contacta amb nosaltres. Oferim serveis veterinaris en Reus Tarragona.<\/p>\n<p>[\/et_pb_cta][\/et_pb_column][\/et_pb_row][\/et_pb_section]<\/p>","protected":false},"excerpt":{"rendered":"<p>\u00abMi perro come menos en verano\u00bb, cada verano nos encontramos con unos cuantos clientes preocupados porque su compa\u00f1ero de cuatro patas no come como de costumbre. Si t\u00fa tambi\u00e9n te sientes preocupado por este cambio de costumbre, te queremos tranquilizar, ya que es algo que suele ser habitual. Por ello, no se debe alarmar a [&hellip;]<\/p>","protected":false},"author":1,"featured_media":582,"comment_status":"open","ping_status":"open","sticky":false,"template":"","format":"standard","meta":{"_et_pb_use_builder":"on","_et_pb_old_content":"","_et_gb_content_width":"","footnotes":""},"categories":[1],"tags":[],"class_list":["post-578","post","type-post","status-publish","format-standard","has-post-thumbnail","hentry","category-sin-categoria"],"yoast_head":"<!-- This site is optimized with the Yoast SEO plugin v26.9 - https:\/\/yoast.com\/product\/yoast-seo-wordpress\/ -->\n<title>Mi perro come menos en verano - Reus Vet<\/title>\n<meta name=\"robots\" content=\"index, follow, max-snippet:-1, max-image-preview:large, max-video-preview:-1\" \/>\n<link rel=\"canonical\" href=\"https:\/\/reusvet.cat\/ca\/mi-perro-come-menos-en-verano\/\" \/>\n<meta property=\"og:locale\" content=\"ca_ES\" \/>\n<meta property=\"og:type\" content=\"article\" \/>\n<meta property=\"og:title\" content=\"Mi perro come menos en verano - Reus Vet\" \/>\n<meta property=\"og:description\" content=\"&quot;Mi perro come menos en verano&quot;, cada verano nos encontramos con unos cuantos clientes preocupados porque su compa\u00f1ero de cuatro patas no come como de costumbre. Si t\u00fa tambi\u00e9n te sientes preocupado por este cambio de costumbre, te queremos tranquilizar, ya que es algo que suele ser habitual. Por ello, no se debe alarmar a [&hellip;]\" \/>\n<meta property=\"og:url\" content=\"https:\/\/reusvet.cat\/ca\/mi-perro-come-menos-en-verano\/\" \/>\n<meta property=\"og:site_name\" content=\"Reus Vet\" \/>\n<meta property=\"article:publisher\" content=\"https:\/\/www.facebook.com\/pg\/ClinicaReusVet\/about\/\" \/>\n<meta property=\"article:published_time\" content=\"2022-08-24T16:24:56+00:00\" \/>\n<meta property=\"article:modified_time\" content=\"2022-08-24T16:25:01+00:00\" \/>\n<meta property=\"og:image\" content=\"https:\/\/reusvet.cat\/wp-content\/uploads\/2022\/08\/mi-perro-come-menos-en-verrano.jpg\" \/>\n\t<meta property=\"og:image:width\" content=\"474\" \/>\n\t<meta property=\"og:image:height\" content=\"237\" \/>\n\t<meta property=\"og:image:type\" content=\"image\/jpeg\" \/>\n<meta name=\"author\" content=\"digitalme\" \/>\n<meta name=\"twitter:card\" content=\"summary_large_image\" \/>\n<meta name=\"twitter:label1\" content=\"Escrit per\" \/>\n\t<meta name=\"twitter:data1\" content=\"digitalme\" \/>\n<script type=\"application\/ld+json\" class=\"yoast-schema-graph\">{\"@context\":\"https:\/\/schema.org\",\"@graph\":[{\"@type\":\"Article\",\"@id\":\"https:\/\/reusvet.cat\/mi-perro-come-menos-en-verano\/#article\",\"isPartOf\":{\"@id\":\"https:\/\/reusvet.cat\/mi-perro-come-menos-en-verano\/\"},\"author\":{\"name\":\"digitalme\",\"@id\":\"https:\/\/reusvet.cat\/#\/schema\/person\/ddb54627414ff8aac40521d8753df660\"},\"headline\":\"Mi perro come menos en verano\",\"datePublished\":\"2022-08-24T16:24:56+00:00\",\"dateModified\":\"2022-08-24T16:25:01+00:00\",\"mainEntityOfPage\":{\"@id\":\"https:\/\/reusvet.cat\/mi-perro-come-menos-en-verano\/\"},\"wordCount\":736,\"commentCount\":0,\"image\":{\"@id\":\"https:\/\/reusvet.cat\/mi-perro-come-menos-en-verano\/#primaryimage\"},\"thumbnailUrl\":\"https:\/\/reusvet.cat\/wp-content\/uploads\/2022\/08\/mi-perro-come-menos-en-verrano.jpg\",\"articleSection\":[\"Sin categor\u00eda\"],\"inLanguage\":\"ca\",\"potentialAction\":[{\"@type\":\"CommentAction\",\"name\":\"Comment\",\"target\":[\"https:\/\/reusvet.cat\/mi-perro-come-menos-en-verano\/#respond\"]}]},{\"@type\":\"WebPage\",\"@id\":\"https:\/\/reusvet.cat\/mi-perro-come-menos-en-verano\/\",\"url\":\"https:\/\/reusvet.cat\/mi-perro-come-menos-en-verano\/\",\"name\":\"Mi perro come menos en verano - Reus Vet\",\"isPartOf\":{\"@id\":\"https:\/\/reusvet.cat\/#website\"},\"primaryImageOfPage\":{\"@id\":\"https:\/\/reusvet.cat\/mi-perro-come-menos-en-verano\/#primaryimage\"},\"image\":{\"@id\":\"https:\/\/reusvet.cat\/mi-perro-come-menos-en-verano\/#primaryimage\"},\"thumbnailUrl\":\"https:\/\/reusvet.cat\/wp-content\/uploads\/2022\/08\/mi-perro-come-menos-en-verrano.jpg\",\"datePublished\":\"2022-08-24T16:24:56+00:00\",\"dateModified\":\"2022-08-24T16:25:01+00:00\",\"author\":{\"@id\":\"https:\/\/reusvet.cat\/#\/schema\/person\/ddb54627414ff8aac40521d8753df660\"},\"inLanguage\":\"ca\",\"potentialAction\":[{\"@type\":\"ReadAction\",\"target\":[\"https:\/\/reusvet.cat\/mi-perro-come-menos-en-verano\/\"]}]},{\"@type\":\"ImageObject\",\"inLanguage\":\"ca\",\"@id\":\"https:\/\/reusvet.cat\/mi-perro-come-menos-en-verano\/#primaryimage\",\"url\":\"https:\/\/reusvet.cat\/wp-content\/uploads\/2022\/08\/mi-perro-come-menos-en-verrano.jpg\",\"contentUrl\":\"https:\/\/reusvet.cat\/wp-content\/uploads\/2022\/08\/mi-perro-come-menos-en-verrano.jpg\",\"width\":474,\"height\":237,\"caption\":\"mi perro come menos en verrano\"},{\"@type\":\"WebSite\",\"@id\":\"https:\/\/reusvet.cat\/#website\",\"url\":\"https:\/\/reusvet.cat\/\",\"name\":\"Reus Vet\",\"description\":\"Cl\u00ednica Veterinaria en Reus Cuidamos de tu mascota\",\"potentialAction\":[{\"@type\":\"SearchAction\",\"target\":{\"@type\":\"EntryPoint\",\"urlTemplate\":\"https:\/\/reusvet.cat\/?s={search_term_string}\"},\"query-input\":{\"@type\":\"PropertyValueSpecification\",\"valueRequired\":true,\"valueName\":\"search_term_string\"}}],\"inLanguage\":\"ca\"},{\"@type\":\"Person\",\"@id\":\"https:\/\/reusvet.cat\/#\/schema\/person\/ddb54627414ff8aac40521d8753df660\",\"name\":\"digitalme\",\"image\":{\"@type\":\"ImageObject\",\"inLanguage\":\"ca\",\"@id\":\"https:\/\/reusvet.cat\/#\/schema\/person\/image\/\",\"url\":\"https:\/\/secure.gravatar.com\/avatar\/70050c41d678b2b3e9b2ef8ad47c2fd4562a978dd6c4f3ec09c2816212aa5d15?s=96&d=mm&r=g\",\"contentUrl\":\"https:\/\/secure.gravatar.com\/avatar\/70050c41d678b2b3e9b2ef8ad47c2fd4562a978dd6c4f3ec09c2816212aa5d15?s=96&d=mm&r=g\",\"caption\":\"digitalme\"}}]}<\/script>\n<!-- \/ Yoast SEO plugin. -->","yoast_head_json":{"title":"Mi perro come menos en verano - Reus Vet","robots":{"index":"index","follow":"follow","max-snippet":"max-snippet:-1","max-image-preview":"max-image-preview:large","max-video-preview":"max-video-preview:-1"},"canonical":"https:\/\/reusvet.cat\/ca\/mi-perro-come-menos-en-verano\/","og_locale":"ca_ES","og_type":"article","og_title":"Mi perro come menos en verano - Reus Vet","og_description":"\"Mi perro come menos en verano\", cada verano nos encontramos con unos cuantos clientes preocupados porque su compa\u00f1ero de cuatro patas no come como de costumbre. Si t\u00fa tambi\u00e9n te sientes preocupado por este cambio de costumbre, te queremos tranquilizar, ya que es algo que suele ser habitual. Por ello, no se debe alarmar a [&hellip;]","og_url":"https:\/\/reusvet.cat\/ca\/mi-perro-come-menos-en-verano\/","og_site_name":"Reus Vet","article_publisher":"https:\/\/www.facebook.com\/pg\/ClinicaReusVet\/about\/","article_published_time":"2022-08-24T16:24:56+00:00","article_modified_time":"2022-08-24T16:25:01+00:00","og_image":[{"width":474,"height":237,"url":"https:\/\/reusvet.cat\/wp-content\/uploads\/2022\/08\/mi-perro-come-menos-en-verrano.jpg","type":"image\/jpeg"}],"author":"digitalme","twitter_card":"summary_large_image","twitter_misc":{"Escrit per":"digitalme"},"schema":{"@context":"https:\/\/schema.org","@graph":[{"@type":"Article","@id":"https:\/\/reusvet.cat\/mi-perro-come-menos-en-verano\/#article","isPartOf":{"@id":"https:\/\/reusvet.cat\/mi-perro-come-menos-en-verano\/"},"author":{"name":"digitalme","@id":"https:\/\/reusvet.cat\/#\/schema\/person\/ddb54627414ff8aac40521d8753df660"},"headline":"Mi perro come menos en verano","datePublished":"2022-08-24T16:24:56+00:00","dateModified":"2022-08-24T16:25:01+00:00","mainEntityOfPage":{"@id":"https:\/\/reusvet.cat\/mi-perro-come-menos-en-verano\/"},"wordCount":736,"commentCount":0,"image":{"@id":"https:\/\/reusvet.cat\/mi-perro-come-menos-en-verano\/#primaryimage"},"thumbnailUrl":"https:\/\/reusvet.cat\/wp-content\/uploads\/2022\/08\/mi-perro-come-menos-en-verrano.jpg","articleSection":["Sin categor\u00eda"],"inLanguage":"ca","potentialAction":[{"@type":"CommentAction","name":"Comment","target":["https:\/\/reusvet.cat\/mi-perro-come-menos-en-verano\/#respond"]}]},{"@type":"WebPage","@id":"https:\/\/reusvet.cat\/mi-perro-come-menos-en-verano\/","url":"https:\/\/reusvet.cat\/mi-perro-come-menos-en-verano\/","name":"Mi perro come menos en verano - Reus Vet","isPartOf":{"@id":"https:\/\/reusvet.cat\/#website"},"primaryImageOfPage":{"@id":"https:\/\/reusvet.cat\/mi-perro-come-menos-en-verano\/#primaryimage"},"image":{"@id":"https:\/\/reusvet.cat\/mi-perro-come-menos-en-verano\/#primaryimage"},"thumbnailUrl":"https:\/\/reusvet.cat\/wp-content\/uploads\/2022\/08\/mi-perro-come-menos-en-verrano.jpg","datePublished":"2022-08-24T16:24:56+00:00","dateModified":"2022-08-24T16:25:01+00:00","author":{"@id":"https:\/\/reusvet.cat\/#\/schema\/person\/ddb54627414ff8aac40521d8753df660"},"inLanguage":"ca","potentialAction":[{"@type":"ReadAction","target":["https:\/\/reusvet.cat\/mi-perro-come-menos-en-verano\/"]}]},{"@type":"ImageObject","inLanguage":"ca","@id":"https:\/\/reusvet.cat\/mi-perro-come-menos-en-verano\/#primaryimage","url":"https:\/\/reusvet.cat\/wp-content\/uploads\/2022\/08\/mi-perro-come-menos-en-verrano.jpg","contentUrl":"https:\/\/reusvet.cat\/wp-content\/uploads\/2022\/08\/mi-perro-come-menos-en-verrano.jpg","width":474,"height":237,"caption":"mi perro come menos en verrano"},{"@type":"WebSite","@id":"https:\/\/reusvet.cat\/#website","url":"https:\/\/reusvet.cat\/","name":"Reus Vet","description":"Cl\u00ednica Veterinaria en Reus Cuidamos de tu mascota","potentialAction":[{"@type":"SearchAction","target":{"@type":"EntryPoint","urlTemplate":"https:\/\/reusvet.cat\/?s={search_term_string}"},"query-input":{"@type":"PropertyValueSpecification","valueRequired":true,"valueName":"search_term_string"}}],"inLanguage":"ca"},{"@type":"Person","@id":"https:\/\/reusvet.cat\/#\/schema\/person\/ddb54627414ff8aac40521d8753df660","name":"digitalme","image":{"@type":"ImageObject","inLanguage":"ca","@id":"https:\/\/reusvet.cat\/#\/schema\/person\/image\/","url":"https:\/\/secure.gravatar.com\/avatar\/70050c41d678b2b3e9b2ef8ad47c2fd4562a978dd6c4f3ec09c2816212aa5d15?s=96&d=mm&r=g","contentUrl":"https:\/\/secure.gravatar.com\/avatar\/70050c41d678b2b3e9b2ef8ad47c2fd4562a978dd6c4f3ec09c2816212aa5d15?s=96&d=mm&r=g","caption":"digitalme"}}]}},"_links":{"self":[{"href":"https:\/\/reusvet.cat\/ca\/wp-json\/wp\/v2\/posts\/578","targetHints":{"allow":["GET"]}}],"collection":[{"href":"https:\/\/reusvet.cat\/ca\/wp-json\/wp\/v2\/posts"}],"about":[{"href":"https:\/\/reusvet.cat\/ca\/wp-json\/wp\/v2\/types\/post"}],"author":[{"embeddable":true,"href":"https:\/\/reusvet.cat\/ca\/wp-json\/wp\/v2\/users\/1"}],"replies":[{"embeddable":true,"href":"https:\/\/reusvet.cat\/ca\/wp-json\/wp\/v2\/comments?post=578"}],"version-history":[{"count":2,"href":"https:\/\/reusvet.cat\/ca\/wp-json\/wp\/v2\/posts\/578\/revisions"}],"predecessor-version":[{"id":584,"href":"https:\/\/reusvet.cat\/ca\/wp-json\/wp\/v2\/posts\/578\/revisions\/584"}],"wp:featuredmedia":[{"embeddable":true,"href":"https:\/\/reusvet.cat\/ca\/wp-json\/wp\/v2\/media\/582"}],"wp:attachment":[{"href":"https:\/\/reusvet.cat\/ca\/wp-json\/wp\/v2\/media?parent=578"}],"wp:term":[{"taxonomy":"category","embeddable":true,"href":"https:\/\/reusvet.cat\/ca\/wp-json\/wp\/v2\/categories?post=578"},{"taxonomy":"post_tag","embeddable":true,"href":"https:\/\/reusvet.cat\/ca\/wp-json\/wp\/v2\/tags?post=578"}],"curies":[{"name":"wp","href":"https:\/\/api.w.org\/{rel}","templated":true}]}}